{"id":3460,"date":"2021-10-12T10:02:48","date_gmt":"2021-10-12T08:02:48","guid":{"rendered":"https:\/\/www.omcd.it\/?p=3460"},"modified":"2021-11-09T11:18:22","modified_gmt":"2021-11-09T10:18:22","slug":"alberto-tedeschi-e-stato-eletto-come-consigliere-nella-governance-di-confindustria-per-larea-verbano-cusio-ossola","status":"publish","type":"post","link":"https:\/\/www.omcd.it\/it\/alberto-tedeschi-e-stato-eletto-come-consigliere-nella-governance-di-confindustria-per-larea-verbano-cusio-ossola\/","title":{"rendered":"Alberto Tedeschi \u00e8 stato eletto come consigliere nella governance di Confindustria per l\u2019area Verbano-Cusio-Ossola"},"content":{"rendered":"<p>Per l\u2019amministratore delegato di OMCD \u00e8 un felice ritorno a rappresentare il territorio VCO nelle sedi istituzionali unindustriali, ora volto proprio a rappresentare le istanze territoriali e a valorizzare le peculiarit\u00e0 di un tessuto industriale dinamico, che guarda al futuro grazie a una felice compenetrazione tra produttivit\u00e0 e sostenibilit\u00e0 ambientale.<\/p>\n<p>Alla guida dell\u2019azienda di famiglia, insieme al fratello Franco, Alberto Tedeschi ha contribuito a rendere il Gruppo OMCD una realt\u00e0 metallurgica globale in grado di competere con le maggiori multinazionali del settore.<br \/>\nL\u2019ultima sfida vinta: lo sviluppo di una nuova tecnologia che permette di sostenere la lavorazione di materiali strategici e rari come tungsteno e cobalto basandosi per il 60% sul riciclo e riutilizzo dei rottami.<\/p>\n<p>L\u2019Assemblea Generale dell\u2019Associazione \u00e8 guidata da Michele Setaro, titolare di Tecnolab, come presidente, e dai vicepresidenti: Rino Porini (presidente di ANCE VCO), Matteo Cavagnino (presidente Gruppo Giovani Imprenditori), Giuseppe Esposito(presidente Gruppo Piccola Industria), Maximilian Auer, Paolo Habe e Mauro Piras.<\/p>\n<p>Gli altri membri eletti, insieme ad Alberto Tedeschi sono stati: Andrea Busseni, di Hydrochem Italia Srl, Massimo Lama, per Travi &amp; Profilati di Pallanzeno Spa. Tiziano Mestriner, di Minerali Industriali Srl, Franco Ottinetti, amministratore di Metallurgica Italo Ottinetti Srl. che \u00e8 anche membro del Comitato Regionale Piemontese Piccola Industria.<\/p>\n<p>Completano la squadra i tre probiviri: Massimo Agnelli, titolare e amministratore di Florida Srl. Maurizio Morera, che dirige le agenzie di Verbania, Omegna, Domodossola e Borgomanero di Fideuram, Rosalda Sbaffi, titolare di Domo Graniti Srl.<\/p>\n<p>Il Presidente Setaro, soddisfatto per l\u2019elezione dei nuovi membri del Consiglio Generale e del Collegio dei Probiviri che completano la sua squadra di governo, ha affermato \u201c<em>Gli imprenditori che sono entrati a far parte della nostra associazione rappresentano per noi un valore aggiunto. Sono quindi orgoglioso di avere al mio fianco professionisti che conoscono approfonditamente il mondo dell\u2019impresa e che hanno a cuore il territorio.<br \/>\n<\/em><em>Siamo pronti, insieme, a compiere importanti scelte per il futuro e a realizzare progetti e iniziative a vantaggio delle imprese del Verbano Cusio Ossola<\/em>\u201d.<\/p>\n<p>Da parte nostra <strong>esprimiamo una sincera soddisfazione per una scelta che rappresenta il riconoscimento del valore del nostro gruppo e una stimolo per la crescita di un territorio<\/strong> come quello di Verbanio Cusio Ossola che si \u00e8 sempre contraddistinto per l\u2019attenzione e la ricchezza ambientale oltre che produttiva.<\/p>\n","protected":false},"excerpt":{"rendered":"<p>Per l\u2019amministratore delegato di OMCD \u00e8 un felice ritorno a rappresentare il territorio VCO nelle [&hellip;]<\/p>\n","protected":false},"author":1,"featured_media":3463,"comment_status":"closed","ping_status":"closed","sticky":false,"template":"","format":"standard","meta":{"_acf_changed":false,"footnotes":""},"categories":[1],"tags":[],"class_list":["post-3460","post","type-post","status-publish","format-standard","has-post-thumbnail","hentry","category-misc","brand_cat-gruppo-omcd","tipo_news-news-it"],"acf":[],"aioseo_notices":[],"_links":{"self":[{"href":"https:\/\/www.omcd.it\/it\/wp-json\/wp\/v2\/posts\/3460","targetHints":{"allow":["GET"]}}],"collection":[{"href":"https:\/\/www.omcd.it\/it\/wp-json\/wp\/v2\/posts"}],"about":[{"href":"https:\/\/www.omcd.it\/it\/wp-json\/wp\/v2\/types\/post"}],"author":[{"embeddable":true,"href":"https:\/\/www.omcd.it\/it\/wp-json\/wp\/v2\/users\/1"}],"replies":[{"embeddable":true,"href":"https:\/\/www.omcd.it\/it\/wp-json\/wp\/v2\/comments?post=3460"}],"version-history":[{"count":2,"href":"https:\/\/www.omcd.it\/it\/wp-json\/wp\/v2\/posts\/3460\/revisions"}],"predecessor-version":[{"id":3462,"href":"https:\/\/www.omcd.it\/it\/wp-json\/wp\/v2\/posts\/3460\/revisions\/3462"}],"wp:featuredmedia":[{"embeddable":true,"href":"https:\/\/www.omcd.it\/it\/wp-json\/wp\/v2\/media\/3463"}],"wp:attachment":[{"href":"https:\/\/www.omcd.it\/it\/wp-json\/wp\/v2\/media?parent=3460"}],"wp:term":[{"taxonomy":"category","embeddable":true,"href":"https:\/\/www.omcd.it\/it\/wp-json\/wp\/v2\/categories?post=3460"},{"taxonomy":"post_tag","embeddable":true,"href":"https:\/\/www.omcd.it\/it\/wp-json\/wp\/v2\/tags?post=3460"}],"curies":[{"name":"wp","href":"https:\/\/api.w.org\/{rel}","templated":true}]}}